{"id":6749,"date":"2024-12-02T17:24:43","date_gmt":"2024-12-02T16:24:43","guid":{"rendered":"https:\/\/www.keltska-noc.cz\/?p=6749"},"modified":"2024-12-02T21:26:18","modified_gmt":"2024-12-02T20:26:18","slug":"kn-2025-predprodej-zahajen","status":"publish","type":"post","link":"https:\/\/www.keltska-noc.cz\/en\/kn-2025-predprodej-zahajen\/","title":{"rendered":"KN 2025 - ticket presale starts!"},"content":{"rendered":"<p>The Celtic Night 2025 festival will take place in the Zralok campsite in Plumlov, in a romantic setting directly below Plumlov Castle, from July 17th till July 19th, 2025.<\/p>\n\n\n\n<p>We are happy to announce that online ticket pre-sale has already started on the TICKETSTREAM network. Link to purchase tickets...<\/p>\n\n\n\n<div class=\"wp-block-buttons is-content-justification-left is-layout-flex wp-container-core-buttons-is-layout-fdcfc74e wp-block-buttons-is-layout-flex\">\n<div class=\"wp-block-button\"><a class=\"wp-block-button__link has-text-align-center wp-element-button\" href=\"https:\/\/www.ticketstream.cz\/akce\/keltska-noc-2024-plumlov-mezinarodni-hudebni-festival-184203\" target=\"_blank\" rel=\"noreferrer noopener\"><strong>TICKETS PRESALE CN 2025<\/strong><\/a><\/div>\n<\/div>\n\n\n\n<p><\/p>\n\n\n\n<p>We look forward to seeing you at the 22nd annual Celtic Night festival!<\/p>\n\n\n\n<p><\/p>\n\n\n\n<p><\/p>\n\n\n\n<p><strong>Organizing team CN.<\/strong><\/p>","protected":false},"excerpt":{"rendered":"<p>Festival Keltsk\u00e1 noc 2025 se bude konat v are\u00e1lu kempu \u017dralok v Plumlov\u011b, v romatick\u00e9m prost\u0159ed\u00ed p\u0159\u00edmo pod Plumlovsk\u00fdm z\u00e1mkem v term\u00ednu 17. &#8211; 19. 07. 2025. S radost\u00ed oznamujeme, \u017ee p\u0159edprodej on-line vstupenek je ji\u017e zah\u00e1jen v s\u00edti TICKETSTREAM. Odkaz na zakoupen\u00ed vstupenek&#8230; T\u011b\u0161\u00edme se na v\u00e1s na 22. ro\u010dn\u00edku festivalu Keltsk\u00e1 noc! Organiza\u010dn\u00ed [&hellip;]<\/p>\n","protected":false},"author":1,"featured_media":6415,"comment_status":"closed","ping_status":"closed","sticky":false,"template":"","format":"standard","meta":{"_et_pb_use_builder":"off","_et_pb_old_content":"","_et_gb_content_width":"","footnotes":""},"categories":[13],"tags":[],"class_list":["post-6749","post","type-post","status-publish","format-standard","has-post-thumbnail","hentry","category-informace"],"yoast_head":"<!-- This site is optimized with the Yoast SEO plugin v27.4 - https:\/\/yoast.com\/product\/yoast-seo-wordpress\/ -->\n<title>KN 2025 - p\u0159edprodej zah\u00e1jen! - KELTSK\u00c1 NOC<\/title>\n<meta name=\"description\" content=\"Festival Keltsk\u00e1 noc 2025 se bude konat v are\u00e1lu kempu \u017dralok v Plumlov\u011b, p\u0159\u00edmo pod Plumlovsk\u00fdm z\u00e1mkem v term\u00ednu 17. - 19. 07. 2025.\" \/>\n<meta name=\"robots\" content=\"index, follow, max-snippet:-1, max-image-preview:large, max-video-preview:-1\" \/>\n<link rel=\"canonical\" href=\"https:\/\/www.keltska-noc.cz\/en\/kn-2025-predprodej-zahajen\/\" \/>\n<meta property=\"og:locale\" content=\"en_GB\" \/>\n<meta property=\"og:type\" content=\"article\" \/>\n<meta property=\"og:title\" content=\"KN 2025 - p\u0159edprodej zah\u00e1jen! - KELTSK\u00c1 NOC\" \/>\n<meta property=\"og:description\" content=\"Festival Keltsk\u00e1 noc 2025 se bude konat v are\u00e1lu kempu \u017dralok v Plumlov\u011b, p\u0159\u00edmo pod Plumlovsk\u00fdm z\u00e1mkem v term\u00ednu 17. - 19. 07. 2025.\" \/>\n<meta property=\"og:url\" content=\"https:\/\/www.keltska-noc.cz\/en\/kn-2025-predprodej-zahajen\/\" \/>\n<meta property=\"og:site_name\" content=\"KELTSK\u00c1 NOC\" \/>\n<meta property=\"article:publisher\" content=\"https:\/\/www.facebook.com\/keltskanocplumlov\" \/>\n<meta property=\"article:published_time\" content=\"2024-12-02T16:24:43+00:00\" \/>\n<meta property=\"article:modified_time\" content=\"2024-12-02T20:26:18+00:00\" \/>\n<meta property=\"og:image\" content=\"https:\/\/www.keltska-noc.cz\/wp-content\/uploads\/2024\/02\/PZ5_9810.jpg\" \/>\n\t<meta property=\"og:image:width\" content=\"1620\" \/>\n\t<meta property=\"og:image:height\" content=\"1080\" \/>\n\t<meta property=\"og:image:type\" content=\"image\/jpeg\" \/>\n<meta name=\"author\" content=\"David\" \/>\n<meta name=\"twitter:card\" content=\"summary_large_image\" \/>\n<meta name=\"twitter:creator\" content=\"@KeltskaPlumlov\" \/>\n<meta name=\"twitter:site\" content=\"@KeltskaPlumlov\" \/>\n<meta name=\"twitter:label1\" content=\"Written by\" \/>\n\t<meta name=\"twitter:data1\" content=\"David\" \/>\n\t<meta name=\"twitter:label2\" content=\"Estimated reading time\" \/>\n\t<meta name=\"twitter:data2\" content=\"1 minute\" \/>\n<script type=\"application\/ld+json\" class=\"yoast-schema-graph\">{\"@context\":\"https:\\\/\\\/schema.org\",\"@graph\":[{\"@type\":\"Article\",\"@id\":\"https:\\\/\\\/www.keltska-noc.cz\\\/kn-2025-predprodej-zahajen\\\/#article\",\"isPartOf\":{\"@id\":\"https:\\\/\\\/www.keltska-noc.cz\\\/kn-2025-predprodej-zahajen\\\/\"},\"author\":{\"name\":\"David\",\"@id\":\"https:\\\/\\\/www.keltska-noc.cz\\\/#\\\/schema\\\/person\\\/332da3e0b8cb610395c65f597b872787\"},\"headline\":\"KN 2025 &#8211; p\u0159edprodej zah\u00e1jen!\",\"datePublished\":\"2024-12-02T16:24:43+00:00\",\"dateModified\":\"2024-12-02T20:26:18+00:00\",\"mainEntityOfPage\":{\"@id\":\"https:\\\/\\\/www.keltska-noc.cz\\\/kn-2025-predprodej-zahajen\\\/\"},\"wordCount\":77,\"publisher\":{\"@id\":\"https:\\\/\\\/www.keltska-noc.cz\\\/#organization\"},\"image\":{\"@id\":\"https:\\\/\\\/www.keltska-noc.cz\\\/kn-2025-predprodej-zahajen\\\/#primaryimage\"},\"thumbnailUrl\":\"https:\\\/\\\/www.keltska-noc.cz\\\/wp-content\\\/uploads\\\/2024\\\/02\\\/PZ5_9810.jpg\",\"articleSection\":[\"INFORMACE\"],\"inLanguage\":\"en-GB\"},{\"@type\":\"WebPage\",\"@id\":\"https:\\\/\\\/www.keltska-noc.cz\\\/kn-2025-predprodej-zahajen\\\/\",\"url\":\"https:\\\/\\\/www.keltska-noc.cz\\\/kn-2025-predprodej-zahajen\\\/\",\"name\":\"KN 2025 - p\u0159edprodej zah\u00e1jen! - KELTSK\u00c1 NOC\",\"isPartOf\":{\"@id\":\"https:\\\/\\\/www.keltska-noc.cz\\\/#website\"},\"primaryImageOfPage\":{\"@id\":\"https:\\\/\\\/www.keltska-noc.cz\\\/kn-2025-predprodej-zahajen\\\/#primaryimage\"},\"image\":{\"@id\":\"https:\\\/\\\/www.keltska-noc.cz\\\/kn-2025-predprodej-zahajen\\\/#primaryimage\"},\"thumbnailUrl\":\"https:\\\/\\\/www.keltska-noc.cz\\\/wp-content\\\/uploads\\\/2024\\\/02\\\/PZ5_9810.jpg\",\"datePublished\":\"2024-12-02T16:24:43+00:00\",\"dateModified\":\"2024-12-02T20:26:18+00:00\",\"description\":\"Festival Keltsk\u00e1 noc 2025 se bude konat v are\u00e1lu kempu \u017dralok v Plumlov\u011b, p\u0159\u00edmo pod Plumlovsk\u00fdm z\u00e1mkem v term\u00ednu 17. - 19. 07. 2025.\",\"breadcrumb\":{\"@id\":\"https:\\\/\\\/www.keltska-noc.cz\\\/kn-2025-predprodej-zahajen\\\/#breadcrumb\"},\"inLanguage\":\"en-GB\",\"potentialAction\":[{\"@type\":\"ReadAction\",\"target\":[\"https:\\\/\\\/www.keltska-noc.cz\\\/kn-2025-predprodej-zahajen\\\/\"]}]},{\"@type\":\"ImageObject\",\"inLanguage\":\"en-GB\",\"@id\":\"https:\\\/\\\/www.keltska-noc.cz\\\/kn-2025-predprodej-zahajen\\\/#primaryimage\",\"url\":\"https:\\\/\\\/www.keltska-noc.cz\\\/wp-content\\\/uploads\\\/2024\\\/02\\\/PZ5_9810.jpg\",\"contentUrl\":\"https:\\\/\\\/www.keltska-noc.cz\\\/wp-content\\\/uploads\\\/2024\\\/02\\\/PZ5_9810.jpg\",\"width\":1620,\"height\":1080},{\"@type\":\"BreadcrumbList\",\"@id\":\"https:\\\/\\\/www.keltska-noc.cz\\\/kn-2025-predprodej-zahajen\\\/#breadcrumb\",\"itemListElement\":[{\"@type\":\"ListItem\",\"position\":1,\"name\":\"Home\",\"item\":\"https:\\\/\\\/www.keltska-noc.cz\\\/\"},{\"@type\":\"ListItem\",\"position\":2,\"name\":\"KN 2025 &#8211; p\u0159edprodej zah\u00e1jen!\"}]},{\"@type\":\"WebSite\",\"@id\":\"https:\\\/\\\/www.keltska-noc.cz\\\/#website\",\"url\":\"https:\\\/\\\/www.keltska-noc.cz\\\/\",\"name\":\"KELTSK\u00c1 NOC\",\"description\":\"mezin\u00e1rodn\u00ed hudebn\u00ed festival\",\"publisher\":{\"@id\":\"https:\\\/\\\/www.keltska-noc.cz\\\/#organization\"},\"potentialAction\":[{\"@type\":\"SearchAction\",\"target\":{\"@type\":\"EntryPoint\",\"urlTemplate\":\"https:\\\/\\\/www.keltska-noc.cz\\\/?s={search_term_string}\"},\"query-input\":{\"@type\":\"PropertyValueSpecification\",\"valueRequired\":true,\"valueName\":\"search_term_string\"}}],\"inLanguage\":\"en-GB\"},{\"@type\":\"Organization\",\"@id\":\"https:\\\/\\\/www.keltska-noc.cz\\\/#organization\",\"name\":\"KELTSK\u00c1 NOC z.s.\",\"url\":\"https:\\\/\\\/www.keltska-noc.cz\\\/\",\"logo\":{\"@type\":\"ImageObject\",\"inLanguage\":\"en-GB\",\"@id\":\"https:\\\/\\\/www.keltska-noc.cz\\\/#\\\/schema\\\/logo\\\/image\\\/\",\"url\":\"https:\\\/\\\/www.keltska-noc.cz\\\/wp-content\\\/uploads\\\/2023\\\/04\\\/CZ-LOGO.webp\",\"contentUrl\":\"https:\\\/\\\/www.keltska-noc.cz\\\/wp-content\\\/uploads\\\/2023\\\/04\\\/CZ-LOGO.webp\",\"width\":227,\"height\":61,\"caption\":\"KELTSK\u00c1 NOC z.s.\"},\"image\":{\"@id\":\"https:\\\/\\\/www.keltska-noc.cz\\\/#\\\/schema\\\/logo\\\/image\\\/\"},\"sameAs\":[\"https:\\\/\\\/www.facebook.com\\\/keltskanocplumlov\",\"https:\\\/\\\/x.com\\\/KeltskaPlumlov\"]},{\"@type\":\"Person\",\"@id\":\"https:\\\/\\\/www.keltska-noc.cz\\\/#\\\/schema\\\/person\\\/332da3e0b8cb610395c65f597b872787\",\"name\":\"David\",\"image\":{\"@type\":\"ImageObject\",\"inLanguage\":\"en-GB\",\"@id\":\"https:\\\/\\\/secure.gravatar.com\\\/avatar\\\/4e559f13205091a0b33d00bd97eec2481b61bfe80d55ae3f618469a411d5da1a?s=96&d=mm&r=g\",\"url\":\"https:\\\/\\\/secure.gravatar.com\\\/avatar\\\/4e559f13205091a0b33d00bd97eec2481b61bfe80d55ae3f618469a411d5da1a?s=96&d=mm&r=g\",\"contentUrl\":\"https:\\\/\\\/secure.gravatar.com\\\/avatar\\\/4e559f13205091a0b33d00bd97eec2481b61bfe80d55ae3f618469a411d5da1a?s=96&d=mm&r=g\",\"caption\":\"David\"},\"sameAs\":[\"https:\\\/\\\/www.keltska-noc.cz\"],\"url\":\"https:\\\/\\\/www.keltska-noc.cz\\\/en\\\/author\\\/admin\\\/\"}]}<\/script>\n<!-- \/ Yoast SEO plugin. -->","yoast_head_json":{"title":"KN 2025 - p\u0159edprodej zah\u00e1jen! - KELTSK\u00c1 NOC","description":"Festival Keltsk\u00e1 noc 2025 se bude konat v are\u00e1lu kempu \u017dralok v Plumlov\u011b, p\u0159\u00edmo pod Plumlovsk\u00fdm z\u00e1mkem v term\u00ednu 17. - 19. 07. 2025.","robots":{"index":"index","follow":"follow","max-snippet":"max-snippet:-1","max-image-preview":"max-image-preview:large","max-video-preview":"max-video-preview:-1"},"canonical":"https:\/\/www.keltska-noc.cz\/en\/kn-2025-predprodej-zahajen\/","og_locale":"en_GB","og_type":"article","og_title":"KN 2025 - p\u0159edprodej zah\u00e1jen! - KELTSK\u00c1 NOC","og_description":"Festival Keltsk\u00e1 noc 2025 se bude konat v are\u00e1lu kempu \u017dralok v Plumlov\u011b, p\u0159\u00edmo pod Plumlovsk\u00fdm z\u00e1mkem v term\u00ednu 17. - 19. 07. 2025.","og_url":"https:\/\/www.keltska-noc.cz\/en\/kn-2025-predprodej-zahajen\/","og_site_name":"KELTSK\u00c1 NOC","article_publisher":"https:\/\/www.facebook.com\/keltskanocplumlov","article_published_time":"2024-12-02T16:24:43+00:00","article_modified_time":"2024-12-02T20:26:18+00:00","og_image":[{"width":1620,"height":1080,"url":"https:\/\/www.keltska-noc.cz\/wp-content\/uploads\/2024\/02\/PZ5_9810.jpg","type":"image\/jpeg"}],"author":"David","twitter_card":"summary_large_image","twitter_creator":"@KeltskaPlumlov","twitter_site":"@KeltskaPlumlov","twitter_misc":{"Written by":"David","Estimated reading time":"1 minute"},"schema":{"@context":"https:\/\/schema.org","@graph":[{"@type":"Article","@id":"https:\/\/www.keltska-noc.cz\/kn-2025-predprodej-zahajen\/#article","isPartOf":{"@id":"https:\/\/www.keltska-noc.cz\/kn-2025-predprodej-zahajen\/"},"author":{"name":"David","@id":"https:\/\/www.keltska-noc.cz\/#\/schema\/person\/332da3e0b8cb610395c65f597b872787"},"headline":"KN 2025 &#8211; p\u0159edprodej zah\u00e1jen!","datePublished":"2024-12-02T16:24:43+00:00","dateModified":"2024-12-02T20:26:18+00:00","mainEntityOfPage":{"@id":"https:\/\/www.keltska-noc.cz\/kn-2025-predprodej-zahajen\/"},"wordCount":77,"publisher":{"@id":"https:\/\/www.keltska-noc.cz\/#organization"},"image":{"@id":"https:\/\/www.keltska-noc.cz\/kn-2025-predprodej-zahajen\/#primaryimage"},"thumbnailUrl":"https:\/\/www.keltska-noc.cz\/wp-content\/uploads\/2024\/02\/PZ5_9810.jpg","articleSection":["INFORMACE"],"inLanguage":"en-GB"},{"@type":"WebPage","@id":"https:\/\/www.keltska-noc.cz\/kn-2025-predprodej-zahajen\/","url":"https:\/\/www.keltska-noc.cz\/kn-2025-predprodej-zahajen\/","name":"KN 2025 - p\u0159edprodej zah\u00e1jen! - KELTSK\u00c1 NOC","isPartOf":{"@id":"https:\/\/www.keltska-noc.cz\/#website"},"primaryImageOfPage":{"@id":"https:\/\/www.keltska-noc.cz\/kn-2025-predprodej-zahajen\/#primaryimage"},"image":{"@id":"https:\/\/www.keltska-noc.cz\/kn-2025-predprodej-zahajen\/#primaryimage"},"thumbnailUrl":"https:\/\/www.keltska-noc.cz\/wp-content\/uploads\/2024\/02\/PZ5_9810.jpg","datePublished":"2024-12-02T16:24:43+00:00","dateModified":"2024-12-02T20:26:18+00:00","description":"Festival Keltsk\u00e1 noc 2025 se bude konat v are\u00e1lu kempu \u017dralok v Plumlov\u011b, p\u0159\u00edmo pod Plumlovsk\u00fdm z\u00e1mkem v term\u00ednu 17. - 19. 07. 2025.","breadcrumb":{"@id":"https:\/\/www.keltska-noc.cz\/kn-2025-predprodej-zahajen\/#breadcrumb"},"inLanguage":"en-GB","potentialAction":[{"@type":"ReadAction","target":["https:\/\/www.keltska-noc.cz\/kn-2025-predprodej-zahajen\/"]}]},{"@type":"ImageObject","inLanguage":"en-GB","@id":"https:\/\/www.keltska-noc.cz\/kn-2025-predprodej-zahajen\/#primaryimage","url":"https:\/\/www.keltska-noc.cz\/wp-content\/uploads\/2024\/02\/PZ5_9810.jpg","contentUrl":"https:\/\/www.keltska-noc.cz\/wp-content\/uploads\/2024\/02\/PZ5_9810.jpg","width":1620,"height":1080},{"@type":"BreadcrumbList","@id":"https:\/\/www.keltska-noc.cz\/kn-2025-predprodej-zahajen\/#breadcrumb","itemListElement":[{"@type":"ListItem","position":1,"name":"Home","item":"https:\/\/www.keltska-noc.cz\/"},{"@type":"ListItem","position":2,"name":"KN 2025 &#8211; p\u0159edprodej zah\u00e1jen!"}]},{"@type":"WebSite","@id":"https:\/\/www.keltska-noc.cz\/#website","url":"https:\/\/www.keltska-noc.cz\/","name":"CELTIC NIGHT","description":"mezin\u00e1rodn\u00ed hudebn\u00ed festival","publisher":{"@id":"https:\/\/www.keltska-noc.cz\/#organization"},"potentialAction":[{"@type":"SearchAction","target":{"@type":"EntryPoint","urlTemplate":"https:\/\/www.keltska-noc.cz\/?s={search_term_string}"},"query-input":{"@type":"PropertyValueSpecification","valueRequired":true,"valueName":"search_term_string"}}],"inLanguage":"en-GB"},{"@type":"Organization","@id":"https:\/\/www.keltska-noc.cz\/#organization","name":"KELTSK\u00c1 NOC z.s.","url":"https:\/\/www.keltska-noc.cz\/","logo":{"@type":"ImageObject","inLanguage":"en-GB","@id":"https:\/\/www.keltska-noc.cz\/#\/schema\/logo\/image\/","url":"https:\/\/www.keltska-noc.cz\/wp-content\/uploads\/2023\/04\/CZ-LOGO.webp","contentUrl":"https:\/\/www.keltska-noc.cz\/wp-content\/uploads\/2023\/04\/CZ-LOGO.webp","width":227,"height":61,"caption":"KELTSK\u00c1 NOC z.s."},"image":{"@id":"https:\/\/www.keltska-noc.cz\/#\/schema\/logo\/image\/"},"sameAs":["https:\/\/www.facebook.com\/keltskanocplumlov","https:\/\/x.com\/KeltskaPlumlov"]},{"@type":"Person","@id":"https:\/\/www.keltska-noc.cz\/#\/schema\/person\/332da3e0b8cb610395c65f597b872787","name":"David","image":{"@type":"ImageObject","inLanguage":"en-GB","@id":"https:\/\/secure.gravatar.com\/avatar\/4e559f13205091a0b33d00bd97eec2481b61bfe80d55ae3f618469a411d5da1a?s=96&d=mm&r=g","url":"https:\/\/secure.gravatar.com\/avatar\/4e559f13205091a0b33d00bd97eec2481b61bfe80d55ae3f618469a411d5da1a?s=96&d=mm&r=g","contentUrl":"https:\/\/secure.gravatar.com\/avatar\/4e559f13205091a0b33d00bd97eec2481b61bfe80d55ae3f618469a411d5da1a?s=96&d=mm&r=g","caption":"David"},"sameAs":["https:\/\/www.keltska-noc.cz"],"url":"https:\/\/www.keltska-noc.cz\/en\/author\/admin\/"}]}},"_links":{"self":[{"href":"https:\/\/www.keltska-noc.cz\/en\/wp-json\/wp\/v2\/posts\/6749","targetHints":{"allow":["GET"]}}],"collection":[{"href":"https:\/\/www.keltska-noc.cz\/en\/wp-json\/wp\/v2\/posts"}],"about":[{"href":"https:\/\/www.keltska-noc.cz\/en\/wp-json\/wp\/v2\/types\/post"}],"author":[{"embeddable":true,"href":"https:\/\/www.keltska-noc.cz\/en\/wp-json\/wp\/v2\/users\/1"}],"replies":[{"embeddable":true,"href":"https:\/\/www.keltska-noc.cz\/en\/wp-json\/wp\/v2\/comments?post=6749"}],"version-history":[{"count":6,"href":"https:\/\/www.keltska-noc.cz\/en\/wp-json\/wp\/v2\/posts\/6749\/revisions"}],"predecessor-version":[{"id":6762,"href":"https:\/\/www.keltska-noc.cz\/en\/wp-json\/wp\/v2\/posts\/6749\/revisions\/6762"}],"wp:featuredmedia":[{"embeddable":true,"href":"https:\/\/www.keltska-noc.cz\/en\/wp-json\/wp\/v2\/media\/6415"}],"wp:attachment":[{"href":"https:\/\/www.keltska-noc.cz\/en\/wp-json\/wp\/v2\/media?parent=6749"}],"wp:term":[{"taxonomy":"category","embeddable":true,"href":"https:\/\/www.keltska-noc.cz\/en\/wp-json\/wp\/v2\/categories?post=6749"},{"taxonomy":"post_tag","embeddable":true,"href":"https:\/\/www.keltska-noc.cz\/en\/wp-json\/wp\/v2\/tags?post=6749"}],"curies":[{"name":"wp","href":"https:\/\/api.w.org\/{rel}","templated":true}]}}