{"id":7174,"date":"2025-03-11T10:38:32","date_gmt":"2025-03-11T09:38:32","guid":{"rendered":"https:\/\/www.keltska-noc.cz\/?p=7174"},"modified":"2025-03-13T10:43:56","modified_gmt":"2025-03-13T09:43:56","slug":"zastita-hejtmana-olomouckeho-kraje","status":"publish","type":"post","link":"https:\/\/www.keltska-noc.cz\/en\/zastita-hejtmana-olomouckeho-kraje\/","title":{"rendered":"Olomouc Region Governor patronage"},"content":{"rendered":"<p>We are honored to announce that the patronage of this year's Celtic Night 2025 festival has been personally taken over by the Governor of the Olomouc Region, Mr. Ladislav Okle\u0161t\u011bk. We would like to thank the Olomouc Region for its long-term support of our festival!<\/p>\n\n\n\n<p><\/p>\n\n\n\n<p><strong>Organizing team CN.<\/strong><\/p>","protected":false},"excerpt":{"rendered":"<p>M\u00e1me tu \u010dest ozn\u00e1mit, \u017ee z\u00e1\u0161titu nad leto\u0161n\u00edm ro\u010dn\u00edkem festivalu Keltsk\u00e1 noc 2025 p\u0159evzal osobn\u011b hejtman olomouck\u00e9ho kraje pan Ladislav Okle\u0161t\u011bk. Olomouck\u00e9mu kraji d\u011bkujeme za dlouhodobou podporu na\u0161eho festivalu! Organiza\u010dn\u00ed t\u00fdm KN.<\/p>","protected":false},"author":1,"featured_media":7163,"comment_status":"closed","ping_status":"closed","sticky":false,"template":"","format":"standard","meta":{"_et_pb_use_builder":"off","_et_pb_old_content":"","_et_gb_content_width":"","footnotes":""},"categories":[13],"tags":[],"class_list":["post-7174","post","type-post","status-publish","format-standard","has-post-thumbnail","hentry","category-informace"],"yoast_head":"<!-- This site is optimized with the Yoast SEO plugin v27.4 - https:\/\/yoast.com\/product\/yoast-seo-wordpress\/ -->\n<title>Z\u00e1\u0161tita hejtmana olomouck\u00e9ho kraje - KELTSK\u00c1 NOC<\/title>\n<meta name=\"robots\" content=\"index, follow, max-snippet:-1, max-image-preview:large, max-video-preview:-1\" \/>\n<link rel=\"canonical\" href=\"https:\/\/www.keltska-noc.cz\/en\/zastita-hejtmana-olomouckeho-kraje\/\" \/>\n<meta property=\"og:locale\" content=\"en_GB\" \/>\n<meta property=\"og:type\" content=\"article\" \/>\n<meta property=\"og:title\" content=\"Z\u00e1\u0161tita hejtmana olomouck\u00e9ho kraje - KELTSK\u00c1 NOC\" \/>\n<meta property=\"og:description\" content=\"M\u00e1me tu \u010dest ozn\u00e1mit, \u017ee z\u00e1\u0161titu nad leto\u0161n\u00edm ro\u010dn\u00edkem festivalu Keltsk\u00e1 noc 2025 p\u0159evzal osobn\u011b hejtman olomouck\u00e9ho kraje pan Ladislav Okle\u0161t\u011bk. Olomouck\u00e9mu kraji d\u011bkujeme za dlouhodobou podporu na\u0161eho festivalu! Organiza\u010dn\u00ed t\u00fdm KN.\" \/>\n<meta property=\"og:url\" content=\"https:\/\/www.keltska-noc.cz\/en\/zastita-hejtmana-olomouckeho-kraje\/\" \/>\n<meta property=\"og:site_name\" content=\"KELTSK\u00c1 NOC\" \/>\n<meta property=\"article:publisher\" content=\"https:\/\/www.facebook.com\/keltskanocplumlov\" \/>\n<meta property=\"article:published_time\" content=\"2025-03-11T09:38:32+00:00\" \/>\n<meta property=\"article:modified_time\" content=\"2025-03-13T09:43:56+00:00\" \/>\n<meta property=\"og:image\" content=\"https:\/\/www.keltska-noc.cz\/wp-content\/uploads\/2025\/03\/zastita-hejtman-2025.jpg\" \/>\n\t<meta property=\"og:image:width\" content=\"1000\" \/>\n\t<meta property=\"og:image:height\" content=\"1410\" \/>\n\t<meta property=\"og:image:type\" content=\"image\/jpeg\" \/>\n<meta name=\"author\" content=\"David\" \/>\n<meta name=\"twitter:card\" content=\"summary_large_image\" \/>\n<meta name=\"twitter:creator\" content=\"@KeltskaPlumlov\" \/>\n<meta name=\"twitter:site\" content=\"@KeltskaPlumlov\" \/>\n<meta name=\"twitter:label1\" content=\"Written by\" \/>\n\t<meta name=\"twitter:data1\" content=\"David\" \/>\n\t<meta name=\"twitter:label2\" content=\"Estimated reading time\" \/>\n\t<meta name=\"twitter:data2\" content=\"1 minute\" \/>\n<script type=\"application\/ld+json\" class=\"yoast-schema-graph\">{\"@context\":\"https:\\\/\\\/schema.org\",\"@graph\":[{\"@type\":\"Article\",\"@id\":\"https:\\\/\\\/www.keltska-noc.cz\\\/zastita-hejtmana-olomouckeho-kraje\\\/#article\",\"isPartOf\":{\"@id\":\"https:\\\/\\\/www.keltska-noc.cz\\\/zastita-hejtmana-olomouckeho-kraje\\\/\"},\"author\":{\"name\":\"David\",\"@id\":\"https:\\\/\\\/www.keltska-noc.cz\\\/#\\\/schema\\\/person\\\/332da3e0b8cb610395c65f597b872787\"},\"headline\":\"Z\u00e1\u0161tita hejtmana olomouck\u00e9ho kraje\",\"datePublished\":\"2025-03-11T09:38:32+00:00\",\"dateModified\":\"2025-03-13T09:43:56+00:00\",\"mainEntityOfPage\":{\"@id\":\"https:\\\/\\\/www.keltska-noc.cz\\\/zastita-hejtmana-olomouckeho-kraje\\\/\"},\"wordCount\":53,\"publisher\":{\"@id\":\"https:\\\/\\\/www.keltska-noc.cz\\\/#organization\"},\"image\":{\"@id\":\"https:\\\/\\\/www.keltska-noc.cz\\\/zastita-hejtmana-olomouckeho-kraje\\\/#primaryimage\"},\"thumbnailUrl\":\"https:\\\/\\\/www.keltska-noc.cz\\\/wp-content\\\/uploads\\\/2025\\\/03\\\/zastita-hejtman-2025.jpg\",\"articleSection\":[\"INFORMACE\"],\"inLanguage\":\"en-GB\"},{\"@type\":\"WebPage\",\"@id\":\"https:\\\/\\\/www.keltska-noc.cz\\\/zastita-hejtmana-olomouckeho-kraje\\\/\",\"url\":\"https:\\\/\\\/www.keltska-noc.cz\\\/zastita-hejtmana-olomouckeho-kraje\\\/\",\"name\":\"Z\u00e1\u0161tita hejtmana olomouck\u00e9ho kraje - KELTSK\u00c1 NOC\",\"isPartOf\":{\"@id\":\"https:\\\/\\\/www.keltska-noc.cz\\\/#website\"},\"primaryImageOfPage\":{\"@id\":\"https:\\\/\\\/www.keltska-noc.cz\\\/zastita-hejtmana-olomouckeho-kraje\\\/#primaryimage\"},\"image\":{\"@id\":\"https:\\\/\\\/www.keltska-noc.cz\\\/zastita-hejtmana-olomouckeho-kraje\\\/#primaryimage\"},\"thumbnailUrl\":\"https:\\\/\\\/www.keltska-noc.cz\\\/wp-content\\\/uploads\\\/2025\\\/03\\\/zastita-hejtman-2025.jpg\",\"datePublished\":\"2025-03-11T09:38:32+00:00\",\"dateModified\":\"2025-03-13T09:43:56+00:00\",\"breadcrumb\":{\"@id\":\"https:\\\/\\\/www.keltska-noc.cz\\\/zastita-hejtmana-olomouckeho-kraje\\\/#breadcrumb\"},\"inLanguage\":\"en-GB\",\"potentialAction\":[{\"@type\":\"ReadAction\",\"target\":[\"https:\\\/\\\/www.keltska-noc.cz\\\/zastita-hejtmana-olomouckeho-kraje\\\/\"]}]},{\"@type\":\"ImageObject\",\"inLanguage\":\"en-GB\",\"@id\":\"https:\\\/\\\/www.keltska-noc.cz\\\/zastita-hejtmana-olomouckeho-kraje\\\/#primaryimage\",\"url\":\"https:\\\/\\\/www.keltska-noc.cz\\\/wp-content\\\/uploads\\\/2025\\\/03\\\/zastita-hejtman-2025.jpg\",\"contentUrl\":\"https:\\\/\\\/www.keltska-noc.cz\\\/wp-content\\\/uploads\\\/2025\\\/03\\\/zastita-hejtman-2025.jpg\",\"width\":1000,\"height\":1410,\"caption\":\"Image\"},{\"@type\":\"BreadcrumbList\",\"@id\":\"https:\\\/\\\/www.keltska-noc.cz\\\/zastita-hejtmana-olomouckeho-kraje\\\/#breadcrumb\",\"itemListElement\":[{\"@type\":\"ListItem\",\"position\":1,\"name\":\"Home\",\"item\":\"https:\\\/\\\/www.keltska-noc.cz\\\/\"},{\"@type\":\"ListItem\",\"position\":2,\"name\":\"Z\u00e1\u0161tita hejtmana olomouck\u00e9ho kraje\"}]},{\"@type\":\"WebSite\",\"@id\":\"https:\\\/\\\/www.keltska-noc.cz\\\/#website\",\"url\":\"https:\\\/\\\/www.keltska-noc.cz\\\/\",\"name\":\"KELTSK\u00c1 NOC\",\"description\":\"mezin\u00e1rodn\u00ed hudebn\u00ed festival\",\"publisher\":{\"@id\":\"https:\\\/\\\/www.keltska-noc.cz\\\/#organization\"},\"potentialAction\":[{\"@type\":\"SearchAction\",\"target\":{\"@type\":\"EntryPoint\",\"urlTemplate\":\"https:\\\/\\\/www.keltska-noc.cz\\\/?s={search_term_string}\"},\"query-input\":{\"@type\":\"PropertyValueSpecification\",\"valueRequired\":true,\"valueName\":\"search_term_string\"}}],\"inLanguage\":\"en-GB\"},{\"@type\":\"Organization\",\"@id\":\"https:\\\/\\\/www.keltska-noc.cz\\\/#organization\",\"name\":\"KELTSK\u00c1 NOC z.s.\",\"url\":\"https:\\\/\\\/www.keltska-noc.cz\\\/\",\"logo\":{\"@type\":\"ImageObject\",\"inLanguage\":\"en-GB\",\"@id\":\"https:\\\/\\\/www.keltska-noc.cz\\\/#\\\/schema\\\/logo\\\/image\\\/\",\"url\":\"https:\\\/\\\/www.keltska-noc.cz\\\/wp-content\\\/uploads\\\/2023\\\/04\\\/CZ-LOGO.webp\",\"contentUrl\":\"https:\\\/\\\/www.keltska-noc.cz\\\/wp-content\\\/uploads\\\/2023\\\/04\\\/CZ-LOGO.webp\",\"width\":227,\"height\":61,\"caption\":\"KELTSK\u00c1 NOC z.s.\"},\"image\":{\"@id\":\"https:\\\/\\\/www.keltska-noc.cz\\\/#\\\/schema\\\/logo\\\/image\\\/\"},\"sameAs\":[\"https:\\\/\\\/www.facebook.com\\\/keltskanocplumlov\",\"https:\\\/\\\/x.com\\\/KeltskaPlumlov\"]},{\"@type\":\"Person\",\"@id\":\"https:\\\/\\\/www.keltska-noc.cz\\\/#\\\/schema\\\/person\\\/332da3e0b8cb610395c65f597b872787\",\"name\":\"David\",\"image\":{\"@type\":\"ImageObject\",\"inLanguage\":\"en-GB\",\"@id\":\"https:\\\/\\\/secure.gravatar.com\\\/avatar\\\/4e559f13205091a0b33d00bd97eec2481b61bfe80d55ae3f618469a411d5da1a?s=96&d=mm&r=g\",\"url\":\"https:\\\/\\\/secure.gravatar.com\\\/avatar\\\/4e559f13205091a0b33d00bd97eec2481b61bfe80d55ae3f618469a411d5da1a?s=96&d=mm&r=g\",\"contentUrl\":\"https:\\\/\\\/secure.gravatar.com\\\/avatar\\\/4e559f13205091a0b33d00bd97eec2481b61bfe80d55ae3f618469a411d5da1a?s=96&d=mm&r=g\",\"caption\":\"David\"},\"sameAs\":[\"https:\\\/\\\/www.keltska-noc.cz\"],\"url\":\"https:\\\/\\\/www.keltska-noc.cz\\\/en\\\/author\\\/admin\\\/\"}]}<\/script>\n<!-- \/ Yoast SEO plugin. -->","yoast_head_json":{"title":"Z\u00e1\u0161tita hejtmana olomouck\u00e9ho kraje - KELTSK\u00c1 NOC","robots":{"index":"index","follow":"follow","max-snippet":"max-snippet:-1","max-image-preview":"max-image-preview:large","max-video-preview":"max-video-preview:-1"},"canonical":"https:\/\/www.keltska-noc.cz\/en\/zastita-hejtmana-olomouckeho-kraje\/","og_locale":"en_GB","og_type":"article","og_title":"Z\u00e1\u0161tita hejtmana olomouck\u00e9ho kraje - KELTSK\u00c1 NOC","og_description":"M\u00e1me tu \u010dest ozn\u00e1mit, \u017ee z\u00e1\u0161titu nad leto\u0161n\u00edm ro\u010dn\u00edkem festivalu Keltsk\u00e1 noc 2025 p\u0159evzal osobn\u011b hejtman olomouck\u00e9ho kraje pan Ladislav Okle\u0161t\u011bk. Olomouck\u00e9mu kraji d\u011bkujeme za dlouhodobou podporu na\u0161eho festivalu! Organiza\u010dn\u00ed t\u00fdm KN.","og_url":"https:\/\/www.keltska-noc.cz\/en\/zastita-hejtmana-olomouckeho-kraje\/","og_site_name":"KELTSK\u00c1 NOC","article_publisher":"https:\/\/www.facebook.com\/keltskanocplumlov","article_published_time":"2025-03-11T09:38:32+00:00","article_modified_time":"2025-03-13T09:43:56+00:00","og_image":[{"width":1000,"height":1410,"url":"https:\/\/www.keltska-noc.cz\/wp-content\/uploads\/2025\/03\/zastita-hejtman-2025.jpg","type":"image\/jpeg"}],"author":"David","twitter_card":"summary_large_image","twitter_creator":"@KeltskaPlumlov","twitter_site":"@KeltskaPlumlov","twitter_misc":{"Written by":"David","Estimated reading time":"1 minute"},"schema":{"@context":"https:\/\/schema.org","@graph":[{"@type":"Article","@id":"https:\/\/www.keltska-noc.cz\/zastita-hejtmana-olomouckeho-kraje\/#article","isPartOf":{"@id":"https:\/\/www.keltska-noc.cz\/zastita-hejtmana-olomouckeho-kraje\/"},"author":{"name":"David","@id":"https:\/\/www.keltska-noc.cz\/#\/schema\/person\/332da3e0b8cb610395c65f597b872787"},"headline":"Z\u00e1\u0161tita hejtmana olomouck\u00e9ho kraje","datePublished":"2025-03-11T09:38:32+00:00","dateModified":"2025-03-13T09:43:56+00:00","mainEntityOfPage":{"@id":"https:\/\/www.keltska-noc.cz\/zastita-hejtmana-olomouckeho-kraje\/"},"wordCount":53,"publisher":{"@id":"https:\/\/www.keltska-noc.cz\/#organization"},"image":{"@id":"https:\/\/www.keltska-noc.cz\/zastita-hejtmana-olomouckeho-kraje\/#primaryimage"},"thumbnailUrl":"https:\/\/www.keltska-noc.cz\/wp-content\/uploads\/2025\/03\/zastita-hejtman-2025.jpg","articleSection":["INFORMACE"],"inLanguage":"en-GB"},{"@type":"WebPage","@id":"https:\/\/www.keltska-noc.cz\/zastita-hejtmana-olomouckeho-kraje\/","url":"https:\/\/www.keltska-noc.cz\/zastita-hejtmana-olomouckeho-kraje\/","name":"Z\u00e1\u0161tita hejtmana olomouck\u00e9ho kraje - KELTSK\u00c1 NOC","isPartOf":{"@id":"https:\/\/www.keltska-noc.cz\/#website"},"primaryImageOfPage":{"@id":"https:\/\/www.keltska-noc.cz\/zastita-hejtmana-olomouckeho-kraje\/#primaryimage"},"image":{"@id":"https:\/\/www.keltska-noc.cz\/zastita-hejtmana-olomouckeho-kraje\/#primaryimage"},"thumbnailUrl":"https:\/\/www.keltska-noc.cz\/wp-content\/uploads\/2025\/03\/zastita-hejtman-2025.jpg","datePublished":"2025-03-11T09:38:32+00:00","dateModified":"2025-03-13T09:43:56+00:00","breadcrumb":{"@id":"https:\/\/www.keltska-noc.cz\/zastita-hejtmana-olomouckeho-kraje\/#breadcrumb"},"inLanguage":"en-GB","potentialAction":[{"@type":"ReadAction","target":["https:\/\/www.keltska-noc.cz\/zastita-hejtmana-olomouckeho-kraje\/"]}]},{"@type":"ImageObject","inLanguage":"en-GB","@id":"https:\/\/www.keltska-noc.cz\/zastita-hejtmana-olomouckeho-kraje\/#primaryimage","url":"https:\/\/www.keltska-noc.cz\/wp-content\/uploads\/2025\/03\/zastita-hejtman-2025.jpg","contentUrl":"https:\/\/www.keltska-noc.cz\/wp-content\/uploads\/2025\/03\/zastita-hejtman-2025.jpg","width":1000,"height":1410,"caption":"Image"},{"@type":"BreadcrumbList","@id":"https:\/\/www.keltska-noc.cz\/zastita-hejtmana-olomouckeho-kraje\/#breadcrumb","itemListElement":[{"@type":"ListItem","position":1,"name":"Home","item":"https:\/\/www.keltska-noc.cz\/"},{"@type":"ListItem","position":2,"name":"Z\u00e1\u0161tita hejtmana olomouck\u00e9ho kraje"}]},{"@type":"WebSite","@id":"https:\/\/www.keltska-noc.cz\/#website","url":"https:\/\/www.keltska-noc.cz\/","name":"CELTIC NIGHT","description":"mezin\u00e1rodn\u00ed hudebn\u00ed festival","publisher":{"@id":"https:\/\/www.keltska-noc.cz\/#organization"},"potentialAction":[{"@type":"SearchAction","target":{"@type":"EntryPoint","urlTemplate":"https:\/\/www.keltska-noc.cz\/?s={search_term_string}"},"query-input":{"@type":"PropertyValueSpecification","valueRequired":true,"valueName":"search_term_string"}}],"inLanguage":"en-GB"},{"@type":"Organization","@id":"https:\/\/www.keltska-noc.cz\/#organization","name":"KELTSK\u00c1 NOC z.s.","url":"https:\/\/www.keltska-noc.cz\/","logo":{"@type":"ImageObject","inLanguage":"en-GB","@id":"https:\/\/www.keltska-noc.cz\/#\/schema\/logo\/image\/","url":"https:\/\/www.keltska-noc.cz\/wp-content\/uploads\/2023\/04\/CZ-LOGO.webp","contentUrl":"https:\/\/www.keltska-noc.cz\/wp-content\/uploads\/2023\/04\/CZ-LOGO.webp","width":227,"height":61,"caption":"KELTSK\u00c1 NOC z.s."},"image":{"@id":"https:\/\/www.keltska-noc.cz\/#\/schema\/logo\/image\/"},"sameAs":["https:\/\/www.facebook.com\/keltskanocplumlov","https:\/\/x.com\/KeltskaPlumlov"]},{"@type":"Person","@id":"https:\/\/www.keltska-noc.cz\/#\/schema\/person\/332da3e0b8cb610395c65f597b872787","name":"David","image":{"@type":"ImageObject","inLanguage":"en-GB","@id":"https:\/\/secure.gravatar.com\/avatar\/4e559f13205091a0b33d00bd97eec2481b61bfe80d55ae3f618469a411d5da1a?s=96&d=mm&r=g","url":"https:\/\/secure.gravatar.com\/avatar\/4e559f13205091a0b33d00bd97eec2481b61bfe80d55ae3f618469a411d5da1a?s=96&d=mm&r=g","contentUrl":"https:\/\/secure.gravatar.com\/avatar\/4e559f13205091a0b33d00bd97eec2481b61bfe80d55ae3f618469a411d5da1a?s=96&d=mm&r=g","caption":"David"},"sameAs":["https:\/\/www.keltska-noc.cz"],"url":"https:\/\/www.keltska-noc.cz\/en\/author\/admin\/"}]}},"_links":{"self":[{"href":"https:\/\/www.keltska-noc.cz\/en\/wp-json\/wp\/v2\/posts\/7174","targetHints":{"allow":["GET"]}}],"collection":[{"href":"https:\/\/www.keltska-noc.cz\/en\/wp-json\/wp\/v2\/posts"}],"about":[{"href":"https:\/\/www.keltska-noc.cz\/en\/wp-json\/wp\/v2\/types\/post"}],"author":[{"embeddable":true,"href":"https:\/\/www.keltska-noc.cz\/en\/wp-json\/wp\/v2\/users\/1"}],"replies":[{"embeddable":true,"href":"https:\/\/www.keltska-noc.cz\/en\/wp-json\/wp\/v2\/comments?post=7174"}],"version-history":[{"count":2,"href":"https:\/\/www.keltska-noc.cz\/en\/wp-json\/wp\/v2\/posts\/7174\/revisions"}],"predecessor-version":[{"id":7177,"href":"https:\/\/www.keltska-noc.cz\/en\/wp-json\/wp\/v2\/posts\/7174\/revisions\/7177"}],"wp:featuredmedia":[{"embeddable":true,"href":"https:\/\/www.keltska-noc.cz\/en\/wp-json\/wp\/v2\/media\/7163"}],"wp:attachment":[{"href":"https:\/\/www.keltska-noc.cz\/en\/wp-json\/wp\/v2\/media?parent=7174"}],"wp:term":[{"taxonomy":"category","embeddable":true,"href":"https:\/\/www.keltska-noc.cz\/en\/wp-json\/wp\/v2\/categories?post=7174"},{"taxonomy":"post_tag","embeddable":true,"href":"https:\/\/www.keltska-noc.cz\/en\/wp-json\/wp\/v2\/tags?post=7174"}],"curies":[{"name":"wp","href":"https:\/\/api.w.org\/{rel}","templated":true}]}}